{"id":848,"date":"2015-01-31T09:56:03","date_gmt":"2015-01-31T08:56:03","guid":{"rendered":"http:\/\/okinawaichooseyou.de\/?p=848"},"modified":"2015-01-31T09:56:03","modified_gmt":"2015-01-31T08:56:03","slug":"%e7%90%89%e7%90%83%e5%a4%a7%e5%ad%a6%e6%97%a5%e6%9c%ac%e8%aa%9e%e3%82%b9%e3%83%94%e3%83%bc%e3%83%81%e5%a4%a7%e4%bc%9a","status":"publish","type":"post","link":"https:\/\/okinawaichooseyou.de\/?p=848","title":{"rendered":"\u7409\u7403\u5927\u5b66\u65e5\u672c\u8a9e\u30b9\u30d4\u30fc\u30c1\u5927\u4f1a"},"content":{"rendered":"<p style=\"text-align: justify;\">Vorweg: Die meisten Fotos hier habe ich nicht selbst gemacht, sondern Lehrer und\/oder Kommilitonen von mir.<\/p>\n<p style=\"text-align: justify;\">Uff. Ich hab&#8217;s hinter mir! Whee.<\/p>\n<p style=\"text-align: justify;\">Okay, worum geht&#8217;s: am 29. und 30. Januar fand hier der\u00a0japanische Redewettbewerb der Ry\u00fbdai statt &#8211; f\u00fcr Austauschstudenten nat\u00fcrlich. Am Donnerstag war dabei die sogenannte Unterstufe dran, w\u00e4hrend am Freitag die Mittel- und Oberstufe auf die B\u00fchne mussten. Da ich in der Mittelstufe (\u4e2d\u7d1a) bin, war ich Freitag an der Reihe.<\/p>\n<div id=\"attachment_849\" style=\"width: 230px\" class=\"wp-caption alignright\"><a href=\"https:\/\/okinawaichooseyou.de\/?attachment_id=849#main\"><img loading=\"lazy\" decoding=\"async\" aria-describedby=\"caption-attachment-849\" class=\"  wp-image-849\" src=\"https:\/\/okinawaichooseyou.de\/wp-content\/uploads\/2015\/01\/IMG_20150129_114327.jpg\" alt=\"IMG_20150129_114327\" width=\"220\" height=\"165\" \/><\/a><p id=\"caption-attachment-849\" class=\"wp-caption-text\">Drau\u00dfen vor dem Vortragssaal hingen dann auch unsere Kalligrafien &#8211; hier die von meiner Klasse.<\/p><\/div>\n<p style=\"text-align: justify;\">Der Wettbewerb war schon im Oktober beim Orientierungstutorium angek\u00fcndigt worden, aber da kam es mir noch wie eine Unendlichkeit vor, da waren noch Monate dazwischen, Weihnachten, Neujahr, Ky\u00f4to&#8230;und jetzt ist bereits Ende Januar. Wie schnell die Zeit vergeht!<\/p>\n<p style=\"text-align: justify;\">Und so schwebte lange der unangenehme Gedanke im Hinterkopf, dass ich Ende Januar vor einem Haufen bekannter und unbekannter Leute auf Japanisch eine Rede halten sollte &#8211; ausgerechnet ich, die bei normalen Referaten ja schon stottert und zittert wie sonstwas. Gute Nacht.<\/p>\n<p style=\"text-align: justify;\">Die letzten Wochen \u00fcber hatten wir daher viele Besprechungstermine bei Ashihara-sensei, unserer Klassenlehrerin, und die vergangene Woche verbrachten wir gr\u00f6\u00dftenteils an der Uni, um zu proben. W\u00e4hrend die Unterstufe 3 Minuten lang sprechen musste, mussten wir\u00a05 Minuten reden. Das Thema war frei w\u00e4hlbar.<\/p>\n<div id=\"attachment_857\" style=\"width: 230px\" class=\"wp-caption alignleft\"><a href=\"https:\/\/okinawaichooseyou.de\/?attachment_id=857#main\"><img loading=\"lazy\" decoding=\"async\" aria-describedby=\"caption-attachment-857\" class=\"   wp-image-857\" src=\"https:\/\/okinawaichooseyou.de\/wp-content\/uploads\/2015\/01\/10949709_1442231406066907_7215093969038287755_n1.jpg\" alt=\"\" width=\"220\" height=\"165\" \/><\/a><p id=\"caption-attachment-857\" class=\"wp-caption-text\">Wir haben sogar au\u00dferhalb der &#8222;offiziellen&#8220; Probezeiten noch zusammen ge\u00fcbt \ud83d\ude42<\/p><\/div>\n<p>&nbsp;<\/p>\n<p style=\"text-align: justify;\">Ich kann gar nicht in Worte fassen, WIE aufgeregt und zappelig ich die letzte Woche \u00fcber war. Ich hatte einfach riesige Angst davor &#8211; ich mein, ich hab noch nie sowas gemacht und dann auch noch auf Japanisch! Als ich Ashihara-sensei erkl\u00e4rte, dass ich ziemliche Angst vor sowas habe, hat sie angeboten, dass ich notfalls noch Freitagmorgen zu ihr kommen k\u00f6nnte, wenn es mir echt nicht gut ging &#8211; und dann nicht halten m\u00fcsste. Das w\u00e4re wohl schon ein oder zwei Mal vorgekommen. Aber irgendwie hat mir das auch irgendwo mein Stolz verboten. Sich zu dr\u00fccken, w\u00e4r mir zu bequem gewesen.<\/p>\n<p style=\"text-align: justify;\">Und im Nachhinein bin ich so UNGLAUBLICH froh dar\u00fcber, dass ich mich getraut habe. Ich habe mir extra ein wenig ernstes Thema ausgew\u00e4hlt &#8211; der Titel war \u79c1\u306b\u898b\u3048\u308b\u4e16\u754c (<em>watashi ni mieru sekai<\/em>, frei \u00fcbersetzt\u00a0&#8222;die Welt, wie ich sie sehe&#8220;) und dabei erz\u00e4hle ich davon, wie unpraktisch es doch ist, so gro\u00df zu sein &#8211; mit 1,82m gelte ich in Japan schlie\u00dflich schon quasi als Riese \ud83d\ude00<\/p>\n<p style=\"text-align: justify;\">Ich wei\u00df gar nicht mehr, wie ich auf die Idee gekommen bin, dar\u00fcber zu sprechen, aber der Anfang war praktisch ein Dialog, wie ich ihn \u00f6fters hier f\u00fchre (die \u00dcbersetzungen in Klammern sind recht frei, damit sie authentischer klingen~):<\/p>\n<blockquote>\n<p style=\"text-align: justify;\">\u300c\u80cc\u304c\u9ad8\u3044\u306d\uff01\u300d\uff0d\u300c\u3048\u3048\u3001\u305d\u3046\u3067\u3059\u3002\u79c1\u306e\u56fd\u3067\u3082\u9ad8\u3044\u65b9\u3067\u3059\u300d<\/p>\n<p style=\"text-align: justify; padding-left: 30px;\">\u00a0<em>(&#8222;Du bist aber gro\u00df!&#8220; &#8211; &#8222;Ja&#8230;in Deutschland gelte ich aber auch als gro\u00df.&#8220;)<\/em><\/p>\n<p style=\"text-align: justify;\">\u300c\u4f55\u30bb\u30f3\u30c1\uff1f\u300d\uff0d\u300c182\u30bb\u30f3\u30c1\u3067\u3059\u3051\u3069\u300d<\/p>\n<p style=\"text-align: justify; padding-left: 30px;\"><em>(&#8222;Wie gro\u00df bist du?&#8220; &#8211; &#8222;182cm.&#8220;)<\/em><\/p>\n<p style=\"text-align: justify;\">\u300c\u3059\u3054\u3044\uff01\u300d\uff0d\u300c\u3044\u3044\u3048\u3001\u3059\u3054\u304f\u306a\u3044\u3067\u3059\u3002\u3059\u3054\u304f\u4e0d\u4fbf\u3067\u3059\u300d<\/p>\n<p style=\"text-align: justify; padding-left: 30px;\"><i>(&#8222;Wow. Super!&#8220; &#8211; &#8222;Nein, nicht super&#8230;h\u00f6chstens\u00a0super\u00a0unpraktisch&#8220;)<\/i><\/p>\n<\/blockquote>\n<p style=\"text-align: justify;\">Das Tolle ist, dass das Publikum an der Stelle, wo alle ungl\u00e4ubig \u3059\u3054\u3044\uff01(<em>unglaublich, toll, schrecklich&#8230;oder auch einfach ein Ausdruck der \u00dcberraschung<\/em>) rufen, genau das auch gerufen hat und ich dann praktisch den Dialog weiterf\u00fchren konnte^^<\/p>\n<div id=\"attachment_851\" style=\"width: 175px\" class=\"wp-caption alignright\"><a href=\"https:\/\/okinawaichooseyou.de\/?attachment_id=851#main\"><img loading=\"lazy\" decoding=\"async\" aria-describedby=\"caption-attachment-851\" class=\"  wp-image-851\" src=\"https:\/\/okinawaichooseyou.de\/wp-content\/uploads\/2015\/01\/10903811_810521265689310_2133591704451530201_o.jpg\" alt=\"10903811_810521265689310_2133591704451530201_o\" width=\"165\" height=\"220\" \/><\/a><p id=\"caption-attachment-851\" class=\"wp-caption-text\">Ich hasse es, aber naja&#8230;da so viele gelacht haben, musste ich nat\u00fcrlich auch grinsen beim Reden. Gahh!<\/p><\/div>\n<p style=\"text-align: justify;\">Klar habe ich ab und an etwas \u00fcbertrieben, aber im Grunde habe ich sehr viel aus Erfahrungen berichten k\u00f6nnen: Die niedrige Decke im Schloss Sh\u00fbri, die zu niedrigen Tische und St\u00fchle an der Uni, wie unbequem 16 Stunden Flug sind&#8230;und allem voran nat\u00fcrlich meine geliebte Dunstabzugshaube, gegen die ich so gut wie jeden Tag laufe. Sp\u00e4ter habe ich dann noch ein wenig \u00fcber Vorteile des Gro\u00df-Seins gesprochen und damit geschlossen, dass ich so wenigstens recht einfach einen Gespr\u00e4chseinstieg habe, wenn ich mit Leuten hier rede. Meine Lehrerin und Klassenkameraden hatten mir vorher schon gesagt, dass es ziemlich lustig ist, aber wenn ich ehrlich bin, habe ich daf\u00fcr \u00fcberhaupt kein Gef\u00fchl gehabt &#8211; wenn man jeden Tag mehrmals dasselbe sagt, ist man fr\u00fcher oder sp\u00e4ter eher genervt als am\u00fcsiert.<\/p>\n<p style=\"text-align: justify;\">Ich war am Freitag also sehr sehr aufgeregt und noch dazu war genau vor mir (ich war schon vormittags dran, da ich es schnell hinter mir haben wollte) eine kurze Pause, die geh\u00f6rig an meinen ohnehin schon sehr angespannten Nerven zehrte und in der mir auffiel, dass ich meinen Text vergessen hatte. Hurra!<\/p>\n<p style=\"text-align: justify;\">Naja, will nicht zu viel labern, ich war sehr aufgeregt und hier und da geriet ich ins Stocken, aber: Insgesamt lief es wirklich gut (glaube ich), und was mir am meisten geholfen hat, war, dass so viele Leute tats\u00e4chlich gelacht haben. Besonders eine Lehrerin in einer vorderen Reihe fiel mir auf und das tat echt gut^^ So konnte ich fast die ganze Zeit \u00fcber l\u00e4cheln, und so redet es sich leichter^^<\/p>\n<div id=\"attachment_852\" style=\"width: 230px\" class=\"wp-caption alignleft\"><a href=\"https:\/\/okinawaichooseyou.de\/?attachment_id=852#main\"><img loading=\"lazy\" decoding=\"async\" aria-describedby=\"caption-attachment-852\" class=\"  wp-image-852\" src=\"https:\/\/okinawaichooseyou.de\/wp-content\/uploads\/2015\/01\/10866233_10155149681260128_942138695710466595_o.jpg\" alt=\"10866233_10155149681260128_942138695710466595_o\" width=\"220\" height=\"165\" \/><\/a><p id=\"caption-attachment-852\" class=\"wp-caption-text\">Hier die Leute, die einen Sonderpreis bekommen haben sowie auf der rechten Seite die, die besonders gute Reden hatten. Der Junge ganz rechts hat die beste Rede gehalten.<\/p><\/div>\n<p style=\"text-align: justify;\">Okay, ich habe &#8211; wie immer, wenn ich nerv\u00f6s bin &#8211; ziemlich viel auf der Stelle rumget\u00e4nzelt (hat mir ein Lehrer auch in den Kommentar geschrieben^^), aber wayne, ich hab&#8217;s hinter mir und anscheinend kam es gut an.<\/p>\n<p style=\"text-align: justify;\">Und womit ich nicht gerechnet h\u00e4tte: Am Ende gab es noch Urkunden und Sonderpreise f\u00fcr ein paar Leute, deren Reden entweder besonders interessant, spannend, bewegend oder lustig waren. Und ich habe auch einen bekommen! *_* Yay! Ich hab noch nie was f\u00fcrs Labern bekommen xD<\/p>\n<p style=\"text-align: justify;\">Zwischen den Reden und der Auswertungen sowie in den Pausen gab es dann auch Auff\u00fchrungen von einzelnen Leuten, zum Beispiel Gesang, sanshin-Musik, T\u00e4nze&#8230;und am Schluss haben alle eisa getanzt, das war toll^^<\/p>\n<p style=\"text-align: justify;\">Am Abend war unsere Klasse mit Ashihara-sensei und Karimata-sensei dann noch in dieser tollen Bar (die \u00fcbrigens \u6708\u30ce\u97f3\u00a0(<em>tsuki no oto)\u00a0<\/em>hei\u00dft, was ich mir vorher nicht merken konnte =&gt; klare Empfehlung, falls mal wer nach Okinawa kommt!) feiern. Es war sehr lustig, vor allem waren glaube ich sogar alle da und es haben wirklich alle eine tolle Rede gehalten, wie ich finde! Und es gab echt die unterschiedlichsten Themen &#8211; von eigenen\u00a0Erfahrungen \u00fcber selbst ausgedachte Geschichten mit einer Moral bis hin zu lustigen und\/oder lehrreichen Vortr\u00e4gen^^. Ich bin echt froh, dass es so gut lief. Und auch die anderen Klassen waren toll!<\/p>\n<p style=\"text-align: justify;\">Einer aus meiner Klasse hat an seine Rede noch recht spontan hinzugef\u00fcgt, dass er findet, dass man die Leute freiwillig aussuchen lassen soll, ob sie Reden halten wollen oder nicht, woraufhin einige Lehrer etwas schockiert geschaut haben, der Rest aber lachen musste \ud83d\ude1b Recht hat er!<\/p>\n<div id=\"attachment_853\" style=\"width: 230px\" class=\"wp-caption aligncenter\"><a href=\"https:\/\/okinawaichooseyou.de\/?attachment_id=853#main\"><img loading=\"lazy\" decoding=\"async\" aria-describedby=\"caption-attachment-853\" class=\"wp-image-853\" src=\"https:\/\/okinawaichooseyou.de\/wp-content\/uploads\/2015\/01\/10857880_10205869317037772_2699747178673671103_n.jpg\" alt=\"10857880_10205869317037772_2699747178673671103_n\" width=\"220\" height=\"146\" \/><\/a><p id=\"caption-attachment-853\" class=\"wp-caption-text\">2\u7d44\u3001\u6700\u9ad8\uff01<\/p><\/div>\n<p style=\"text-align: justify;\">Wobei ich dann wahrscheinlich niemals mitgemacht h\u00e4tte, und so glaube ich, dass mir das Ganze dann schon was gebracht hat&#8230;<\/p>\n<p style=\"text-align: justify;\">Aber jetzt bin ich froh, dass ich das hinter mir habe und mich besser auf anderes konzentrieren kann, ohne diesen unangenehmen Gedanken im Hinterkopf. Zum Beispiel auf meine Pr\u00fcfungen n\u00e4chste Woche&#8230;urrgh.<\/p>\n\n\t\t<style>\n\t\t\t#gallery-1 {\n\t\t\t\tmargin: auto;\n\t\t\t}\n\t\t\t#gallery-1 .gallery-item {\n\t\t\t\tfloat: left;\n\t\t\t\tmargin-top: 10px;\n\t\t\t\ttext-align: center;\n\t\t\t\twidth: 33%;\n\t\t\t}\n\t\t\t#gallery-1 img {\n\t\t\t\tborder: 2px solid #cfcfcf;\n\t\t\t}\n\t\t\t#gallery-1 .gallery-caption {\n\t\t\t\tmargin-left: 0;\n\t\t\t}\n\t\t\t\/* see gallery_shortcode() in wp-includes\/media.php *\/\n\t\t<\/style>\n\t\t<div id='gallery-1' class='gallery galleryid-848 gallery-columns-3 gallery-size-thumbnail'><dl class='gallery-item'>\n\t\t\t<dt class='gallery-icon landscape'>\n\t\t\t\t<a href='https:\/\/okinawaichooseyou.de\/?attachment_id=850#main'><img loading=\"lazy\" decoding=\"async\" width=\"150\" height=\"113\" src=\"https:\/\/okinawaichooseyou.de\/wp-content\/uploads\/2015\/01\/10957899_1442230849400296_5955803940979145294_n.jpg\" class=\"attachment-thumbnail size-thumbnail\" alt=\"\" aria-describedby=\"gallery-1-850\" \/><\/a>\n\t\t\t<\/dt>\n\t\t\t\t<dd class='wp-caption-text gallery-caption' id='gallery-1-850'>\n\t\t\t\tGruppenbild nach dem gemeinsamen Proben!\n\t\t\t\t<\/dd><\/dl><dl class='gallery-item'>\n\t\t\t<dt class='gallery-icon landscape'>\n\t\t\t\t<a href='https:\/\/okinawaichooseyou.de\/?attachment_id=855#main'><img loading=\"lazy\" decoding=\"async\" width=\"150\" height=\"112\" src=\"https:\/\/okinawaichooseyou.de\/wp-content\/uploads\/2015\/01\/IMG_20150131_001216.jpg\" class=\"attachment-thumbnail size-thumbnail\" alt=\"\" aria-describedby=\"gallery-1-855\" \/><\/a>\n\t\t\t<\/dt>\n\t\t\t\t<dd class='wp-caption-text gallery-caption' id='gallery-1-855'>\n\t\t\t\tMeine Urkunde^^\n\t\t\t\t<\/dd><\/dl><dl class='gallery-item'>\n\t\t\t<dt class='gallery-icon landscape'>\n\t\t\t\t<a href='https:\/\/okinawaichooseyou.de\/?attachment_id=854#main'><img loading=\"lazy\" decoding=\"async\" width=\"150\" height=\"113\" src=\"https:\/\/okinawaichooseyou.de\/wp-content\/uploads\/2015\/01\/IMG_20150131_001345.jpg\" class=\"attachment-thumbnail size-thumbnail\" alt=\"\" aria-describedby=\"gallery-1-854\" \/><\/a>\n\t\t\t<\/dt>\n\t\t\t\t<dd class='wp-caption-text gallery-caption' id='gallery-1-854'>\n\t\t\t\tUnd dieses Glas mit Logo der Uni habe ich auch bekommen.\n\t\t\t\t<\/dd><\/dl><br style=\"clear: both\" \/>\n\t\t<\/div>\n\n","protected":false},"excerpt":{"rendered":"<p>Vorweg: Die meisten Fotos hier habe ich nicht selbst gemacht, sondern Lehrer und\/oder Kommilitonen von mir. Uff. Ich hab&#8217;s hinter mir! Whee. Okay, worum geht&#8217;s: am 29. und 30. Januar fand hier der\u00a0japanische Redewettbewerb der Ry\u00fbdai statt &#8211; f\u00fcr Austauschstudenten nat\u00fcrlich. Am Donnerstag war dabei die sogenannte Unterstufe dran, w\u00e4hrend am Freitag die Mittel- und [&hellip;]<\/p>\n","protected":false},"author":1,"featured_media":0,"comment_status":"open","ping_status":"open","sticky":false,"template":"","format":"standard","meta":{"footnotes":""},"categories":[7],"tags":[],"class_list":["post-848","post","type-post","status-publish","format-standard","hentry","category-okinawa"],"_links":{"self":[{"href":"https:\/\/okinawaichooseyou.de\/index.php?rest_route=\/wp\/v2\/posts\/848","targetHints":{"allow":["GET"]}}],"collection":[{"href":"https:\/\/okinawaichooseyou.de\/index.php?rest_route=\/wp\/v2\/posts"}],"about":[{"href":"https:\/\/okinawaichooseyou.de\/index.php?rest_route=\/wp\/v2\/types\/post"}],"author":[{"embeddable":true,"href":"https:\/\/okinawaichooseyou.de\/index.php?rest_route=\/wp\/v2\/users\/1"}],"replies":[{"embeddable":true,"href":"https:\/\/okinawaichooseyou.de\/index.php?rest_route=%2Fwp%2Fv2%2Fcomments&post=848"}],"version-history":[{"count":5,"href":"https:\/\/okinawaichooseyou.de\/index.php?rest_route=\/wp\/v2\/posts\/848\/revisions"}],"predecessor-version":[{"id":862,"href":"https:\/\/okinawaichooseyou.de\/index.php?rest_route=\/wp\/v2\/posts\/848\/revisions\/862"}],"wp:attachment":[{"href":"https:\/\/okinawaichooseyou.de\/index.php?rest_route=%2Fwp%2Fv2%2Fmedia&parent=848"}],"wp:term":[{"taxonomy":"category","embeddable":true,"href":"https:\/\/okinawaichooseyou.de\/index.php?rest_route=%2Fwp%2Fv2%2Fcategories&post=848"},{"taxonomy":"post_tag","embeddable":true,"href":"https:\/\/okinawaichooseyou.de\/index.php?rest_route=%2Fwp%2Fv2%2Ftags&post=848"}],"curies":[{"name":"wp","href":"https:\/\/api.w.org\/{rel}","templated":true}]}}